{"id":57,"date":"2012-05-30T09:17:49","date_gmt":"2012-05-30T09:17:49","guid":{"rendered":"http:\/\/ccexp.umh.es\/2012\/05\/30\/taller-de-ecologia\/"},"modified":"2012-06-06T13:56:26","modified_gmt":"2012-06-06T13:56:26","slug":"taller-de-ecologia","status":"publish","type":"post","link":"https:\/\/ccexp.umh.es\/en\/2012\/05\/30\/taller-de-ecologia\/","title":{"rendered":"Taller de Ecolog\u00eda"},"content":{"rendered":"<p><\/p>\n<div>\n<div>\n<div>\n<div>\n<p>Taller de Ecolog\u00eda<\/p>\n<p>jueves d\u00eda 14 de junio\u00a0a las\u00a012:00 horas\u00a0en la\u00a0Universidad Miguel Hern\u00e1ndez\u00a0de Elche:<\/p>\n<p>El taller tendr\u00e1 lugar en la\u00a0Sala de Grado del\u00a0<a title=\"http:\/\/maps.google.es\/maps\/ms?ie=UTF8&amp;source=embed&amp;oe=UTF8&amp;msa=0&amp;msid=107909024367719103005.00046f34fcad170b4d693\" href=\"http:\/\/maps.google.es\/maps\/ms?ie=UTF8&amp;source=embed&amp;oe=UTF8&amp;msa=0&amp;msid=107909024367719103005.00046f34fcad170b4d693\" target=\"_blank\">Edificio Torreblanca<\/a>. Campus de Elche. Universidad Miguel Hern\u00e1ndez. Para m\u00e1s Informaci\u00f3n http:\/\/<a href=\"http:\/\/ecologia.umh.es\/\" target=\"_blank\">ecologia.umh.es\/<\/a><\/p>\n<table border=\"0\" cellspacing=\"0\" cellpadding=\"0\">\n<tbody>\n<tr>\n<td valign=\"top\">&#8220;PLAN DE MANEJO SOSTENIBLE COMUNITARIO DE LOS RECURSOS NATURALES EN EL DISTRITO DE CHICUALACUALA, MOZAMBIQUE&#8221;<\/td>\n<\/tr>\n<\/tbody>\n<\/table>\n<p>Por\u00a0Nuria Pascual<\/p>\n<p>Ambient\u00f3loga<\/p>\n<\/div>\n<\/div>\n<\/div>\n<\/div>\n<p><\/p>","protected":false},"excerpt":{"rendered":"<p>Taller de Ecolog\u00eda<br \/>\njueves d\u00eda 14 de junio\u00a0a las\u00a012:00 horas\u00a0en la\u00a0Universidad Miguel Hern\u00e1ndez\u00a0de Elche:<br \/>\nEl taller tendr\u00e1 lugar en la\u00a0Sala de Grado del\u00a0Edificio Torreblanca. Campus de Elche. Universidad Miguel Hern\u00e1ndez. Para m\u00e1s Informaci\u00f3n http:\/\/ecologia.umh.es\/<\/p>\n<p>&#8220;PLAN DE MANEJO SOSTENIBLE COMUNITARIO DE LOS RECURSOS NATURALES EN EL DISTRITO DE CHICUALACUALA, MOZAMBIQUE&#8221;<\/p>\n<p>Por\u00a0Nuria Pascual<br \/>\nAmbient\u00f3loga<\/p>\n","protected":false},"author":329,"featured_media":0,"comment_status":"closed","ping_status":"open","sticky":false,"template":"","format":"standard","meta":{"ngg_post_thumbnail":0,"_links_to":"","_links_to_target":""},"categories":[65,630,631,1],"tags":[],"_links":{"self":[{"href":"https:\/\/ccexp.umh.es\/en\/wp-json\/wp\/v2\/posts\/57"}],"collection":[{"href":"https:\/\/ccexp.umh.es\/en\/wp-json\/wp\/v2\/posts"}],"about":[{"href":"https:\/\/ccexp.umh.es\/en\/wp-json\/wp\/v2\/types\/post"}],"author":[{"embeddable":true,"href":"https:\/\/ccexp.umh.es\/en\/wp-json\/wp\/v2\/users\/329"}],"replies":[{"embeddable":true,"href":"https:\/\/ccexp.umh.es\/en\/wp-json\/wp\/v2\/comments?post=57"}],"version-history":[{"count":0,"href":"https:\/\/ccexp.umh.es\/en\/wp-json\/wp\/v2\/posts\/57\/revisions"}],"wp:attachment":[{"href":"https:\/\/ccexp.umh.es\/en\/wp-json\/wp\/v2\/media?parent=57"}],"wp:term":[{"taxonomy":"category","embeddable":true,"href":"https:\/\/ccexp.umh.es\/en\/wp-json\/wp\/v2\/categories?post=57"},{"taxonomy":"post_tag","embeddable":true,"href":"https:\/\/ccexp.umh.es\/en\/wp-json\/wp\/v2\/tags?post=57"}],"curies":[{"name":"wp","href":"https:\/\/api.w.org\/{rel}","templated":true}]}}