{"id":513,"date":"2020-07-13T18:49:53","date_gmt":"2020-07-13T16:49:53","guid":{"rendered":"https:\/\/ccexp.umh.es\/?p=513"},"modified":"2020-07-13T18:50:35","modified_gmt":"2020-07-13T16:50:35","slug":"v-edicion-de-los-premios-de-la-catedra-del-agua-y-la-sostenibilidad-de-la-universidad-de-murcia-a-los-mejores-trabajos-fin-de-master","status":"publish","type":"post","link":"https:\/\/ccexp.umh.es\/ca\/2020\/07\/13\/v-edicion-de-los-premios-de-la-catedra-del-agua-y-la-sostenibilidad-de-la-universidad-de-murcia-a-los-mejores-trabajos-fin-de-master\/","title":{"rendered":"V Edici\u00f3n de los Premios de la C\u00e1tedra del Agua y la Sostenibilidad de la Universidad de Murcia a los Mejores Trabajos Fin de M\u00e1ster"},"content":{"rendered":"<p>La convocatoria cuenta con dos modalidades:<\/p>\n<p>a) un Premio y un Acc\u00e9sit en la categor\u00eda de \u201cEstudios t\u00e9cnico-experimentales sobre el ciclo integral del agua\u201d.<br \/>\nb) un Premio y un Acc\u00e9sit en la categor\u00eda de \u201cEstudios sociales y jur\u00eddicos en materia de agua y sostenibilidad\u201d.<\/p>\n<p><a href=\"https:\/\/ccexp.umh.es\/files\/2020\/07\/V-Edicion-Premios-CAS-Mejores-TFM.pdf\">Bases<\/a><\/p>\n<p>M\u00e1s informaci\u00f3n:&nbsp;<\/p>\n<p><a href=\"http:\/\/www.um.es\/web\/catedradelagua\/contenido\/premios-tfm\" target=\"_blank\" rel=\"noopener noreferrer\" data-saferedirecturl=\"https:\/\/www.google.com\/url?q=http:\/\/www.um.es\/web\/catedradelagua\/contenido\/premios-tfm&amp;source=gmail&amp;ust=1594737990512000&amp;usg=AFQjCNEubeJjzThaYi6SXwa_vuGvEZhFGA\">http:\/\/www.um.es\/web\/catedradelagua\/contenido\/premios-tfm<\/a><\/p>\n<p><a href=\"https:\/\/ccexp.umh.es\/files\/2020\/07\/V-PREMIOS-CAS-TFM.jpg\"><img loading=\"lazy\" class=\"alignleft size-medium wp-image-512\" src=\"https:\/\/ccexp.umh.es\/files\/2020\/07\/V-PREMIOS-CAS-TFM-212x300.jpg\" alt=\"\" width=\"212\" height=\"300\" srcset=\"https:\/\/ccexp.umh.es\/files\/2020\/07\/V-PREMIOS-CAS-TFM-212x300.jpg 212w, https:\/\/ccexp.umh.es\/files\/2020\/07\/V-PREMIOS-CAS-TFM-768x1086.jpg 768w, https:\/\/ccexp.umh.es\/files\/2020\/07\/V-PREMIOS-CAS-TFM-724x1024.jpg 724w\" sizes=\"(max-width: 212px) 100vw, 212px\" \/><\/a><\/p>","protected":false},"excerpt":{"rendered":"<p>La convocatoria cuenta con dos modalidades:<br \/>\na) un Premio y un Acc\u00e9sit en la categor\u00eda de \u201cEstudios t\u00e9cnico-experimentales sobre el ciclo integral del agua\u201d.<br \/>\nb) un Premio y un Acc\u00e9sit en la categor\u00eda de \u201cEstudios sociales y jur\u00eddicos en materia de agua y sostenibilidad\u201d.<br \/>\nBases<br \/>\nM\u00e1s informaci\u00f3n:&nbsp;<br \/>\nhttp:\/\/www.um.es\/web\/catedradelagua\/contenido\/premios-tfm<\/p>\n","protected":false},"author":329,"featured_media":0,"comment_status":"closed","ping_status":"open","sticky":false,"template":"","format":"standard","meta":{"ngg_post_thumbnail":0,"_links_to":"","_links_to_target":""},"categories":[1],"tags":[],"_links":{"self":[{"href":"https:\/\/ccexp.umh.es\/ca\/wp-json\/wp\/v2\/posts\/513"}],"collection":[{"href":"https:\/\/ccexp.umh.es\/ca\/wp-json\/wp\/v2\/posts"}],"about":[{"href":"https:\/\/ccexp.umh.es\/ca\/wp-json\/wp\/v2\/types\/post"}],"author":[{"embeddable":true,"href":"https:\/\/ccexp.umh.es\/ca\/wp-json\/wp\/v2\/users\/329"}],"replies":[{"embeddable":true,"href":"https:\/\/ccexp.umh.es\/ca\/wp-json\/wp\/v2\/comments?post=513"}],"version-history":[{"count":0,"href":"https:\/\/ccexp.umh.es\/ca\/wp-json\/wp\/v2\/posts\/513\/revisions"}],"wp:attachment":[{"href":"https:\/\/ccexp.umh.es\/ca\/wp-json\/wp\/v2\/media?parent=513"}],"wp:term":[{"taxonomy":"category","embeddable":true,"href":"https:\/\/ccexp.umh.es\/ca\/wp-json\/wp\/v2\/categories?post=513"},{"taxonomy":"post_tag","embeddable":true,"href":"https:\/\/ccexp.umh.es\/ca\/wp-json\/wp\/v2\/tags?post=513"}],"curies":[{"name":"wp","href":"https:\/\/api.w.org\/{rel}","templated":true}]}}